{"id":1809,"date":"2022-09-12T17:06:04","date_gmt":"2022-09-12T15:06:04","guid":{"rendered":"http:\/\/psychologue-balma.fr\/Blog\/?p=1809"},"modified":"2022-09-12T17:14:36","modified_gmt":"2022-09-12T15:14:36","slug":"elementor-1809","status":"publish","type":"post","link":"https:\/\/psychologue-balma.fr\/Blog\/elementor-1809\/","title":{"rendered":"Au sujet de la mort"},"content":{"rendered":"\t\t<div data-elementor-type=\"wp-post\" data-elementor-id=\"1809\" class=\"elementor elementor-1809\" data-elementor-settings=\"[]\">\n\t\t\t\t\t\t<div class=\"elementor-inner\">\n\t\t\t\t\t\t\t<div class=\"elementor-section-wrap\">\n\t\t\t\t\t\t\t<section class=\"elementor-section elementor-top-section elementor-element elementor-element-dd76eac elementor-section-boxed elementor-section-height-default elementor-section-height-default\" data-id=\"dd76eac\" data-element_type=\"section\">\n\t\t\t\t\t\t<div class=\"elementor-container elementor-column-gap-default\">\n\t\t\t\t\t\t\t<div class=\"elementor-row\">\n\t\t\t\t\t<div class=\"elementor-column elementor-col-100 elementor-top-column elementor-element elementor-element-54c0eb3\" data-id=\"54c0eb3\" data-element_type=\"column\">\n\t\t\t<div class=\"elementor-column-wrap elementor-element-populated\">\n\t\t\t\t\t\t\t<div class=\"elementor-widget-wrap\">\n\t\t\t\t\t\t<div class=\"elementor-element elementor-element-518f181 elementor-widget elementor-widget-heading\" data-id=\"518f181\" data-element_type=\"widget\" data-widget_type=\"heading.default\">\n\t\t\t\t<div class=\"elementor-widget-container\">\n\t\t\t<h2 class=\"elementor-heading-title elementor-size-large\">Le sujet de la mort avec un enfant.<\/h2>\t\t<\/div>\n\t\t\t\t<\/div>\n\t\t\t\t<div class=\"elementor-element elementor-element-0b6a570 elementor-widget elementor-widget-text-editor\" data-id=\"0b6a570\" data-element_type=\"widget\" data-widget_type=\"text-editor.default\">\n\t\t\t\t<div class=\"elementor-widget-container\">\n\t\t\t\t\t\t\t\t<div class=\"elementor-text-editor elementor-clearfix\">\n\t\t\t\t\t<p><strong>Aborder la mort avec son enfant<\/strong> n\u2019est pas chose ais\u00e9e, surtout quand il est question du d\u00e9c\u00e8s d\u2019un proche.<\/p><p>En tant que th\u00e9rapeute, mais aussi en tant que maman, je pense qu\u2019il est important de ne pas \u00eatre mal \u00e0 l\u2019aise avec ce sujet. L\u2019enfant a des <strong>ressources<\/strong> bien plus importantes que nous ne le pensons et il peut nous surprendre.<\/p><p>Je pr\u00f4ne la <strong>libert\u00e9 d\u2019expression<\/strong> et je bannis les non-dits. Avec des mots simples, concrets, non abstraits, car l\u2019enfant a peu ax\u00e9 aux m\u00e9taphores (ex : \u00ab papi est parti au ciel \u00bb qui peut amener une angoisse du ciel sous sa t\u00eate) ; il est possible de d\u00e9dramatiser et d\u2019aborder ce sujet comme nous \u00e9voquons la vie tous les jours !<\/p><p>La mort \u00e9veille rapidement la <strong>curiosit\u00e9 <\/strong>des tout-petits. Les questions commencent \u00e0 \u00e9merger vers l\u2019entr\u00e9e en maternelle.<\/p><p>C\u2019est un sujet complexe <strong>avant 5 ans<\/strong>. L\u2019enfant pense qu\u2019il s\u2019agit de quelque chose d\u2019\u00e9ph\u00e9m\u00e8re, que la personne va revenir\u2026 Il peut l\u2019associer uniquement au grand \u00e2ge.<\/p><p>Autour de <strong>8 ans<\/strong>, lors de la p\u00e9riode de latence o\u00f9 l\u2019enfant intellectualise les faits, l\u2019enfant con\u00e7oit l\u2019irr\u00e9versibilit\u00e9 de la mort. Il l\u2019associe comme partie int\u00e9grante du cycle de la vie. Il va associer la mort \u00e0 la <strong>s\u00e9paration<\/strong> et donc \u00e0 la <strong>solitude<\/strong>. La peur de perdre ses parents peut alors \u00e9merger.<\/p><p>Le sujet de la mort chez l\u2019enfant est avant tout une <strong>curiosit\u00e9<\/strong> avant de devenir une inqui\u00e9tude. Il est de la responsabilit\u00e9 des adultes gravitants autour de l\u2019enfant d\u2019accompagner ce questionnement autour de la mort.<\/p><p>Tout d\u2019abord <strong>restez factuel<\/strong>\u00a0: \u00ab\u00a0la mort va avec la vie\u00a0\u00bb. Ce qui vit doit mourir\u00a0\u00bb. Puis <strong>laissez l\u2019enfant s\u2019exprimer,<\/strong> \u00ab et pour toi c\u2019est quoi la mort ? \u00bb, pour savoir ce qu\u2019il sait et o\u00f9 il en est dans son \u00e9laboration interne, quel mot il emploie, quels sont ses croyances ? <strong>Interrogez-le,<\/strong> avant de donner votre avis.<\/p><p>Vous pouvez aussi aborder les <strong>cycles de la vie<\/strong>. D\u2019abord celui d\u2019un v\u00e9g\u00e9tal, puis d\u2019un animal et enfin de l\u2019Homme. Servez-vous de <strong>support visuel<\/strong> facilement trouvable sur internet.<\/p><p>Restez <strong>simple <\/strong>dans vos mots et surtout soyez <strong>sinc\u00e8re<\/strong>\u00a0!<\/p><p>Il n\u2019est pas ais\u00e9 d\u2019\u00e9voquer un sujet que l\u2019on ne ma\u00eetrise peu et surtout que l\u2019on a jamais exp\u00e9riment\u00e9 personnellement !<\/p><p>La vision et les r\u00e9actions face \u00e0 la mort (d\u2019autrui ou de soi) sont propre \u00e0 chacun. Elles sont en lien avec nos propres <strong>valeurs<\/strong>, nos <strong>codes familiaux<\/strong>, nos <strong>exp\u00e9riences<\/strong>, notre <strong>religion<\/strong> ou notre <strong>spiritualit\u00e9.<\/strong><\/p><p>Laissez votre enfant se <strong>construire sa vision<\/strong> et autorisez-vous \u00e0 aller dans vos \u00e9motions profondes. Exprimez vos propres ressentis c\u2019est lui exprimer que toutes les \u00e9motions sont l\u00e9gitimes, y compris la tristesse et qu&rsquo;elle existe aussi chez l\u2019adulte.<\/p><p>J\u2019aime \u00e0 dire que la tristesse est la plus belle des \u00e9motions, c\u2019est la seule \u00e9motion qui cr\u00e9\u00e9 une substance (les larmes) et qui permet de nettoyer ce que nous avons \u00e0 l\u2019int\u00e9rieur de nous\u00a0!<\/p><p>Pour vous aider voici une <strong>liste de livres<\/strong> abordant cette th\u00e9matique de la mort. Ces livres peuvent \u00eatre un support visuel pour l\u2019enfant mais aussi pour vous, pour parler librement de ce sujet\u00a0:<\/p><ul><li>Mamie est partie \u2013 Lili la baleine \u2013 <em>A partir de 3ans, adapt\u00e9 aux enfants de primaires<\/em><\/li><\/ul><ul><li>Samantha a perdu son papa \u2013 Julie Kaplow \u2013 <em>A partir de 4ans<\/em><\/li><\/ul><ul><li>C\u2019est quoi la mort\u00a0? \u2013 Michel Piquemal &#8211; Collection Piccolophilo &#8211; <em>A partir de 5ans<\/em><\/li><\/ul><ul><li>L\u2019enterrement \u2013 Christine Naumann-Villemin \u2013 <em>A partir de 6ans<\/em><\/li><\/ul><ul><li>Les questions des tout petits sur la mort \u2013 Marie Aubinais \u2013<em> A partir de 6ans<\/em><\/li><\/ul><ul><li>J\u2019ai laiss\u00e9 mon \u00e2me au vent \u2013 Roxane-Marie Galliez et Eric Puybaret \u2013<em> A partir de 8ans<\/em><\/li><\/ul><p>Egalement une <strong>vid\u00e9o<\/strong> trouv\u00e9e sur Youtube (regardez la (avant) pour juger si votre enfant peut la comprendre)\u00a0:<\/p><p><a href=\"https:\/\/www.youtube.com\/watch?v=mDprpCW-F5o\">Dis, c&rsquo;est quoi mourir ? Quelques minutes pour aborder la mort avec les enfants. &#8211; YouTube<\/a><\/p><p>Il y a \u00e9galement le <strong>dessin anim\u00e9 <\/strong>Coco de chez Disney \u00e0 regarder \u00e0 partir de 6ans<\/p><p><strong><em>Nous vivons tous les jours alors que nous ne mourrons qu\u2019une fois\u2026<\/em><\/strong><\/p>\t\t\t\t\t<\/div>\n\t\t\t\t\t\t<\/div>\n\t\t\t\t<\/div>\n\t\t\t\t\t\t<\/div>\n\t\t\t\t\t<\/div>\n\t\t<\/div>\n\t\t\t\t\t\t\t\t<\/div>\n\t\t\t\t\t<\/div>\n\t\t<\/section>\n\t\t\t\t\t\t<\/div>\n\t\t\t\t\t\t<\/div>\n\t\t\t\t\t<\/div>\n\t\t","protected":false},"excerpt":{"rendered":"<p>Le sujet de la mort avec un enfant. Aborder la mort avec son enfant n\u2019est pas chose ais\u00e9e, surtout quand il est question du d\u00e9c\u00e8s d\u2019un proche. En tant que th\u00e9rapeute, mais aussi en tant que maman, je pense qu\u2019il est important de ne pas \u00eatre mal \u00e0 l\u2019aise avec ce sujet. L\u2019enfant a des ressources bien plus importantes que nous ne le pensons et il peut nous surprendre. Je pr\u00f4ne la libert\u00e9 d\u2019expression et je bannis les non-dits. Avec des mots simples, concrets, non abstraits, car l\u2019enfant a peu ax\u00e9 aux m\u00e9taphores (ex : \u00ab papi est parti au ciel \u00bb qui peut amener une angoisse du ciel sous sa t\u00eate) ; il est possible de d\u00e9dramatiser et d\u2019aborder ce sujet comme nous \u00e9voquons la vie tous les jours ! La mort \u00e9veille rapidement la curiosit\u00e9 des tout-petits. Les questions commencent \u00e0 \u00e9merger vers l\u2019entr\u00e9e en maternelle. C\u2019est un sujet complexe avant 5 ans. L\u2019enfant pense qu\u2019il s\u2019agit de quelque chose d\u2019\u00e9ph\u00e9m\u00e8re, que la personne va revenir\u2026 Il peut l\u2019associer uniquement au grand \u00e2ge. Autour de 8 ans, lors de la p\u00e9riode de latence o\u00f9 l\u2019enfant intellectualise les faits, l\u2019enfant con\u00e7oit l\u2019irr\u00e9versibilit\u00e9 de la mort. Il l\u2019associe comme partie int\u00e9grante du cycle de la vie. Il va associer la mort \u00e0 la s\u00e9paration et donc \u00e0 la solitude. La peur de perdre ses parents peut alors \u00e9merger. Le sujet de la mort chez l\u2019enfant est avant tout une curiosit\u00e9 avant de devenir une inqui\u00e9tude. Il est de la responsabilit\u00e9 des adultes gravitants autour de l\u2019enfant d\u2019accompagner ce questionnement autour de la mort. Tout d\u2019abord restez factuel\u00a0: \u00ab\u00a0la mort va avec la vie\u00a0\u00bb. Ce qui vit doit mourir\u00a0\u00bb. Puis laissez l\u2019enfant s\u2019exprimer, \u00ab et pour toi c\u2019est quoi la mort ? \u00bb, pour savoir ce qu\u2019il sait et o\u00f9 il en est dans son \u00e9laboration interne, quel mot il emploie, quels sont ses croyances ? Interrogez-le, avant de donner votre avis. Vous pouvez aussi aborder les cycles de la vie. D\u2019abord celui d\u2019un v\u00e9g\u00e9tal, puis d\u2019un animal et enfin de l\u2019Homme. Servez-vous de support visuel facilement trouvable sur internet. Restez simple dans vos mots et surtout soyez sinc\u00e8re\u00a0! Il n\u2019est pas ais\u00e9 d\u2019\u00e9voquer un sujet que l\u2019on ne ma\u00eetrise peu et surtout que l\u2019on a jamais exp\u00e9riment\u00e9 personnellement ! La vision et les r\u00e9actions face \u00e0 la mort (d\u2019autrui ou de soi) sont propre \u00e0 chacun. Elles sont en lien avec nos propres valeurs, nos codes familiaux, nos exp\u00e9riences, notre religion ou notre spiritualit\u00e9. Laissez votre enfant se construire sa vision et autorisez-vous \u00e0 aller dans vos \u00e9motions profondes. Exprimez vos propres ressentis c\u2019est lui exprimer que toutes les \u00e9motions sont l\u00e9gitimes, y compris la tristesse et qu&rsquo;elle existe aussi chez l\u2019adulte. J\u2019aime \u00e0 dire que la tristesse est la plus belle des \u00e9motions, c\u2019est la seule \u00e9motion qui cr\u00e9\u00e9 une substance (les larmes) et qui permet de nettoyer ce que nous avons \u00e0 l\u2019int\u00e9rieur de nous\u00a0! Pour vous aider voici une liste de livres abordant cette th\u00e9matique de la mort. Ces livres peuvent \u00eatre un support visuel pour l\u2019enfant mais aussi pour vous, pour parler librement de ce sujet\u00a0: Mamie est partie \u2013 Lili la baleine \u2013 A partir de 3ans, adapt\u00e9 aux enfants de primaires Samantha a perdu son papa \u2013 Julie Kaplow \u2013 A partir de 4ans C\u2019est quoi la mort\u00a0? \u2013 Michel Piquemal &#8211; Collection Piccolophilo &#8211; A partir de 5ans L\u2019enterrement \u2013 Christine Naumann-Villemin \u2013 A partir de 6ans Les questions des tout petits sur la mort \u2013 Marie Aubinais \u2013 A partir de 6ans J\u2019ai laiss\u00e9 mon \u00e2me au vent \u2013 Roxane-Marie Galliez et Eric Puybaret \u2013 A partir de 8ans Egalement une vid\u00e9o trouv\u00e9e sur Youtube (regardez la (avant) pour juger si votre enfant peut la comprendre)\u00a0: Dis, c&rsquo;est quoi mourir ? Quelques minutes pour aborder la mort avec les enfants. &#8211; YouTube Il y a \u00e9galement le dessin anim\u00e9 Coco de chez Disney \u00e0 regarder \u00e0 partir de 6ans Nous vivons tous les jours alors que nous ne mourrons qu\u2019une fois\u2026<\/p>\n","protected":false},"author":1,"featured_media":0,"comment_status":"closed","ping_status":"open","sticky":false,"template":"","format":"standard","meta":[],"categories":[34],"tags":[],"yoast_head":"<!-- This site is optimized with the Yoast SEO plugin v15.3 - https:\/\/yoast.com\/wordpress\/plugins\/seo\/ -->\n<title>Au sujet de la mort - Psychologie et Bien \u00catre<\/title>\n<meta name=\"robots\" content=\"index, follow, max-snippet:-1, max-image-preview:large, max-video-preview:-1\" \/>\n<link rel=\"canonical\" href=\"https:\/\/psychologue-balma.fr\/Blog\/elementor-1809\/\" \/>\n<meta property=\"og:locale\" content=\"fr_FR\" \/>\n<meta property=\"og:type\" content=\"article\" \/>\n<meta property=\"og:title\" content=\"Au sujet de la mort - Psychologie et Bien \u00catre\" \/>\n<meta property=\"og:description\" content=\"Le sujet de la mort avec un enfant. Aborder la mort avec son enfant n\u2019est pas chose ais\u00e9e, surtout quand il est question du d\u00e9c\u00e8s d\u2019un proche. En tant que th\u00e9rapeute, mais aussi en tant que maman, je pense qu\u2019il est important de ne pas \u00eatre mal \u00e0 l\u2019aise avec ce sujet. L\u2019enfant a des ressources bien plus importantes que nous ne le pensons et il peut nous surprendre. Je pr\u00f4ne la libert\u00e9 d\u2019expression et je bannis les non-dits. Avec des mots simples, concrets, non abstraits, car l\u2019enfant a peu ax\u00e9 aux m\u00e9taphores (ex : \u00ab papi est parti au ciel \u00bb qui peut amener une angoisse du ciel sous sa t\u00eate) ; il est possible de d\u00e9dramatiser et d\u2019aborder ce sujet comme nous \u00e9voquons la vie tous les jours ! La mort \u00e9veille rapidement la curiosit\u00e9 des tout-petits. Les questions commencent \u00e0 \u00e9merger vers l\u2019entr\u00e9e en maternelle. C\u2019est un sujet complexe avant 5 ans. L\u2019enfant pense qu\u2019il s\u2019agit de quelque chose d\u2019\u00e9ph\u00e9m\u00e8re, que la personne va revenir\u2026 Il peut l\u2019associer uniquement au grand \u00e2ge. Autour de 8 ans, lors de la p\u00e9riode de latence o\u00f9 l\u2019enfant intellectualise les faits, l\u2019enfant con\u00e7oit l\u2019irr\u00e9versibilit\u00e9 de la mort. Il l\u2019associe comme partie int\u00e9grante du cycle de la vie. Il va associer la mort \u00e0 la s\u00e9paration et donc \u00e0 la solitude. La peur de perdre ses parents peut alors \u00e9merger. Le sujet de la mort chez l\u2019enfant est avant tout une curiosit\u00e9 avant de devenir une inqui\u00e9tude. Il est de la responsabilit\u00e9 des adultes gravitants autour de l\u2019enfant d\u2019accompagner ce questionnement autour de la mort. Tout d\u2019abord restez factuel\u00a0: \u00ab\u00a0la mort va avec la vie\u00a0\u00bb. Ce qui vit doit mourir\u00a0\u00bb. Puis laissez l\u2019enfant s\u2019exprimer, \u00ab et pour toi c\u2019est quoi la mort ? \u00bb, pour savoir ce qu\u2019il sait et o\u00f9 il en est dans son \u00e9laboration interne, quel mot il emploie, quels sont ses croyances ? Interrogez-le, avant de donner votre avis. Vous pouvez aussi aborder les cycles de la vie. D\u2019abord celui d\u2019un v\u00e9g\u00e9tal, puis d\u2019un animal et enfin de l\u2019Homme. Servez-vous de support visuel facilement trouvable sur internet. Restez simple dans vos mots et surtout soyez sinc\u00e8re\u00a0! Il n\u2019est pas ais\u00e9 d\u2019\u00e9voquer un sujet que l\u2019on ne ma\u00eetrise peu et surtout que l\u2019on a jamais exp\u00e9riment\u00e9 personnellement ! La vision et les r\u00e9actions face \u00e0 la mort (d\u2019autrui ou de soi) sont propre \u00e0 chacun. Elles sont en lien avec nos propres valeurs, nos codes familiaux, nos exp\u00e9riences, notre religion ou notre spiritualit\u00e9. Laissez votre enfant se construire sa vision et autorisez-vous \u00e0 aller dans vos \u00e9motions profondes. Exprimez vos propres ressentis c\u2019est lui exprimer que toutes les \u00e9motions sont l\u00e9gitimes, y compris la tristesse et qu&rsquo;elle existe aussi chez l\u2019adulte. J\u2019aime \u00e0 dire que la tristesse est la plus belle des \u00e9motions, c\u2019est la seule \u00e9motion qui cr\u00e9\u00e9 une substance (les larmes) et qui permet de nettoyer ce que nous avons \u00e0 l\u2019int\u00e9rieur de nous\u00a0! Pour vous aider voici une liste de livres abordant cette th\u00e9matique de la mort. Ces livres peuvent \u00eatre un support visuel pour l\u2019enfant mais aussi pour vous, pour parler librement de ce sujet\u00a0: Mamie est partie \u2013 Lili la baleine \u2013 A partir de 3ans, adapt\u00e9 aux enfants de primaires Samantha a perdu son papa \u2013 Julie Kaplow \u2013 A partir de 4ans C\u2019est quoi la mort\u00a0? \u2013 Michel Piquemal &#8211; Collection Piccolophilo &#8211; A partir de 5ans L\u2019enterrement \u2013 Christine Naumann-Villemin \u2013 A partir de 6ans Les questions des tout petits sur la mort \u2013 Marie Aubinais \u2013 A partir de 6ans J\u2019ai laiss\u00e9 mon \u00e2me au vent \u2013 Roxane-Marie Galliez et Eric Puybaret \u2013 A partir de 8ans Egalement une vid\u00e9o trouv\u00e9e sur Youtube (regardez la (avant) pour juger si votre enfant peut la comprendre)\u00a0: Dis, c&rsquo;est quoi mourir ? Quelques minutes pour aborder la mort avec les enfants. &#8211; YouTube Il y a \u00e9galement le dessin anim\u00e9 Coco de chez Disney \u00e0 regarder \u00e0 partir de 6ans Nous vivons tous les jours alors que nous ne mourrons qu\u2019une fois\u2026\" \/>\n<meta property=\"og:url\" content=\"https:\/\/psychologue-balma.fr\/Blog\/elementor-1809\/\" \/>\n<meta property=\"og:site_name\" content=\"Psychologie et Bien \u00catre\" \/>\n<meta property=\"article:publisher\" content=\"https:\/\/www.facebook.com\/MarinePlatas\/\" \/>\n<meta property=\"article:published_time\" content=\"2022-09-12T15:06:04+00:00\" \/>\n<meta property=\"article:modified_time\" content=\"2022-09-12T15:14:36+00:00\" \/>\n<meta name=\"twitter:card\" content=\"summary_large_image\" \/>\n<meta name=\"twitter:label1\" content=\"\u00c9crit par\">\n\t<meta name=\"twitter:data1\" content=\"Marine\">\n\t<meta name=\"twitter:label2\" content=\"Dur\u00e9e de lecture est.\">\n\t<meta name=\"twitter:data2\" content=\"3 minutes\">\n<script type=\"application\/ld+json\" class=\"yoast-schema-graph\">{\"@context\":\"https:\/\/schema.org\",\"@graph\":[{\"@type\":\"Organization\",\"@id\":\"https:\/\/psychologue-balma.fr\/Blog\/#organization\",\"name\":\"Marine PLATAS - Psychologue\",\"url\":\"https:\/\/psychologue-balma.fr\/Blog\/\",\"sameAs\":[\"https:\/\/www.facebook.com\/MarinePlatas\/\"],\"logo\":{\"@type\":\"ImageObject\",\"@id\":\"https:\/\/psychologue-balma.fr\/Blog\/#logo\",\"inLanguage\":\"fr-FR\",\"url\":\"https:\/\/psychologue-balma.fr\/Blog\/wp-content\/uploads\/2020\/11\/Psy-e1607280356787.png\",\"width\":100,\"height\":100,\"caption\":\"Marine PLATAS - Psychologue\"},\"image\":{\"@id\":\"https:\/\/psychologue-balma.fr\/Blog\/#logo\"}},{\"@type\":\"WebSite\",\"@id\":\"https:\/\/psychologue-balma.fr\/Blog\/#website\",\"url\":\"https:\/\/psychologue-balma.fr\/Blog\/\",\"name\":\"Psychologie et Bien \\u00catre\",\"description\":\"Ne cherche pas le bonheur, cr\\u00e9e le !\",\"publisher\":{\"@id\":\"https:\/\/psychologue-balma.fr\/Blog\/#organization\"},\"potentialAction\":[{\"@type\":\"SearchAction\",\"target\":\"https:\/\/psychologue-balma.fr\/Blog\/?s={search_term_string}\",\"query-input\":\"required name=search_term_string\"}],\"inLanguage\":\"fr-FR\"},{\"@type\":\"WebPage\",\"@id\":\"https:\/\/psychologue-balma.fr\/Blog\/elementor-1809\/#webpage\",\"url\":\"https:\/\/psychologue-balma.fr\/Blog\/elementor-1809\/\",\"name\":\"Au sujet de la mort - Psychologie et Bien \\u00catre\",\"isPartOf\":{\"@id\":\"https:\/\/psychologue-balma.fr\/Blog\/#website\"},\"datePublished\":\"2022-09-12T15:06:04+00:00\",\"dateModified\":\"2022-09-12T15:14:36+00:00\",\"breadcrumb\":{\"@id\":\"https:\/\/psychologue-balma.fr\/Blog\/elementor-1809\/#breadcrumb\"},\"inLanguage\":\"fr-FR\",\"potentialAction\":[{\"@type\":\"ReadAction\",\"target\":[\"https:\/\/psychologue-balma.fr\/Blog\/elementor-1809\/\"]}]},{\"@type\":\"BreadcrumbList\",\"@id\":\"https:\/\/psychologue-balma.fr\/Blog\/elementor-1809\/#breadcrumb\",\"itemListElement\":[{\"@type\":\"ListItem\",\"position\":1,\"item\":{\"@type\":\"WebPage\",\"@id\":\"https:\/\/psychologue-balma.fr\/Blog\/\",\"url\":\"https:\/\/psychologue-balma.fr\/Blog\/\",\"name\":\"Accueil\"}},{\"@type\":\"ListItem\",\"position\":2,\"item\":{\"@type\":\"WebPage\",\"@id\":\"https:\/\/psychologue-balma.fr\/Blog\/elementor-1809\/\",\"url\":\"https:\/\/psychologue-balma.fr\/Blog\/elementor-1809\/\",\"name\":\"Au sujet de la mort\"}}]},{\"@type\":\"Article\",\"@id\":\"https:\/\/psychologue-balma.fr\/Blog\/elementor-1809\/#article\",\"isPartOf\":{\"@id\":\"https:\/\/psychologue-balma.fr\/Blog\/elementor-1809\/#webpage\"},\"author\":{\"@id\":\"https:\/\/psychologue-balma.fr\/Blog\/#\/schema\/person\/9430ecfb20e2894132baa63c22f5b941\"},\"headline\":\"Au sujet de la mort\",\"datePublished\":\"2022-09-12T15:06:04+00:00\",\"dateModified\":\"2022-09-12T15:14:36+00:00\",\"mainEntityOfPage\":{\"@id\":\"https:\/\/psychologue-balma.fr\/Blog\/elementor-1809\/#webpage\"},\"publisher\":{\"@id\":\"https:\/\/psychologue-balma.fr\/Blog\/#organization\"},\"articleSection\":\"D\\u00e9c\\u00e8s et Maladie\",\"inLanguage\":\"fr-FR\"},{\"@type\":\"Person\",\"@id\":\"https:\/\/psychologue-balma.fr\/Blog\/#\/schema\/person\/9430ecfb20e2894132baa63c22f5b941\",\"name\":\"Marine\",\"image\":{\"@type\":\"ImageObject\",\"@id\":\"https:\/\/psychologue-balma.fr\/Blog\/#personlogo\",\"inLanguage\":\"fr-FR\",\"url\":\"https:\/\/secure.gravatar.com\/avatar\/cc5bc60cb52049cfda7968fcb0a309b8?s=96&d=mm&r=g\",\"caption\":\"Marine\"},\"sameAs\":[\"http:\/\/psychologue-balma.fr\/Blog\"]}]}<\/script>\n<!-- \/ Yoast SEO plugin. -->","_links":{"self":[{"href":"https:\/\/psychologue-balma.fr\/Blog\/wp-json\/wp\/v2\/posts\/1809"}],"collection":[{"href":"https:\/\/psychologue-balma.fr\/Blog\/wp-json\/wp\/v2\/posts"}],"about":[{"href":"https:\/\/psychologue-balma.fr\/Blog\/wp-json\/wp\/v2\/types\/post"}],"author":[{"embeddable":true,"href":"https:\/\/psychologue-balma.fr\/Blog\/wp-json\/wp\/v2\/users\/1"}],"replies":[{"embeddable":true,"href":"https:\/\/psychologue-balma.fr\/Blog\/wp-json\/wp\/v2\/comments?post=1809"}],"version-history":[{"count":11,"href":"https:\/\/psychologue-balma.fr\/Blog\/wp-json\/wp\/v2\/posts\/1809\/revisions"}],"predecessor-version":[{"id":1820,"href":"https:\/\/psychologue-balma.fr\/Blog\/wp-json\/wp\/v2\/posts\/1809\/revisions\/1820"}],"wp:attachment":[{"href":"https:\/\/psychologue-balma.fr\/Blog\/wp-json\/wp\/v2\/media?parent=1809"}],"wp:term":[{"taxonomy":"category","embeddable":true,"href":"https:\/\/psychologue-balma.fr\/Blog\/wp-json\/wp\/v2\/categories?post=1809"},{"taxonomy":"post_tag","embeddable":true,"href":"https:\/\/psychologue-balma.fr\/Blog\/wp-json\/wp\/v2\/tags?post=1809"}],"curies":[{"name":"wp","href":"https:\/\/api.w.org\/{rel}","templated":true}]}}